[{"@context":"https:\/\/schema.org\/","@type":"Article","@id":"https:\/\/www.autotara.cz\/a-co-barvy\/#Article","mainEntityOfPage":"https:\/\/www.autotara.cz\/a-co-barvy\/","headline":"A co barvy?","name":"A co barvy?","description":"Dop\u0159ejte si ten v\u00e1\u0161 charakteristick\u00fd odst\u00edn! Dop\u0159ejte si d\u0159evo v barv\u011b, kter\u00e1 lichot\u00ed va\u0161emu oku, kter\u00e1 lichot\u00ed a koresponduje s va\u0161\u00edm interi\u00e9rem, a kter\u00e1 je netradi\u010dn\u00ed. Pro\u010d m\u00edt tuctov\u00e9 v\u011bci?&hellip; ","datePublished":"2024-04-24","dateModified":"2024-04-24","author":{"@type":"Person","@id":"https:\/\/www.autotara.cz\/author\/#Person","name":"","url":"https:\/\/www.autotara.cz\/author\/","identifier":1,"image":{"@type":"ImageObject","@id":"https:\/\/secure.gravatar.com\/avatar\/2b882a21216b34ba28e79730eea9356b725e9a0bf9885ae3bedd792ae606fb10?s=96&d=mm&r=g","url":"https:\/\/secure.gravatar.com\/avatar\/2b882a21216b34ba28e79730eea9356b725e9a0bf9885ae3bedd792ae606fb10?s=96&d=mm&r=g","height":96,"width":96}},"publisher":{"@type":"Organization","name":"autotara.cz","logo":{"@type":"ImageObject","@id":"\/logo.png","url":"\/logo.png","width":600,"height":60}},"url":"https:\/\/www.autotara.cz\/a-co-barvy\/","wordCount":260,"articleBody":"Dop\u0159ejte si ten v\u00e1\u0161 charakteristick\u00fd odst\u00edn! Dop\u0159ejte si d\u0159evo v barv\u011b, kter\u00e1 lichot\u00ed va\u0161emu oku, kter\u00e1 lichot\u00ed a koresponduje s va\u0161\u00edm interi\u00e9rem, a kter\u00e1 je netradi\u010dn\u00ed. Pro\u010d m\u00edt tuctov\u00e9 v\u011bci? Pro\u010d nevyu\u017e\u00edt mo\u017enosti, kter\u00e1 se v\u00e1m naskytla? Pro\u010d si neud\u011blat jasnou p\u0159edstavu o tom co se v\u00e1m nab\u00edz\u00ed a j\u00edt si za t\u00edm bez sebemen\u0161\u00edho zav\u00e1h\u00e1n\u00ed? V\u017edy najdete v na\u0161\u00ed nab\u00eddce odst\u00edn, kter\u00fd bude pro v\u00e1s jako d\u011blan\u00fd! Oslov\u00ed a podtrhne osobit\u00fd charakter va\u0161eho bydlen\u00ed. M\u011bli jste n\u011bkdy p\u0159edstavu, kterou jste je\u0161t\u011b nikde nevid\u011bli? Mysl\u00edte, \u017ee m\u016f\u017eete m\u00edt pouze to, co je u\u017e p\u0159edem dan\u00e9? Zkuste n\u00e1m o sv\u00e9m p\u0159\u00e1n\u00ed \u0159\u00edct, ur\u010dit\u011b najdeme spole\u010dn\u00e9 \u0159e\u0161en\u00ed! Najdeme spole\u010dn\u00e9 \u0159e\u0161en\u00ed, vyu\u017eijeme ka\u017ed\u00fd kout va\u0161eho prostoru, obohat\u00edme ho o nov\u00e9 atypick\u00e9 prvky.S n\u00e1mi jde v\u0161echnoPokud se obr\u00e1t\u00edte na \u010desk\u00e9ho v\u00fdrobce, kter\u00fd opravdu vyr\u00e1b\u00ed, pokud si najdete firmu, kter\u00e1 m\u00e9 jasn\u00e9 kr\u00e9do, budete v\u017edy odch\u00e1zet spokojeni! Budete si l\u00e9ta u\u017e\u00edvat kvalitn\u00ed a funk\u010dn\u00ed v\u00fdrobky, o kter\u00fdch jste d\u0159\u00edve jenom snili! A\u017e kdy\u017e jste objevili n\u00e1s, dostaly va\u0161e sny re\u00e1lnou p\u0159edstavu, dostaly podobu d\u0159eva, d\u0159eva, kter\u00e9 se pod rukama prom\u011bnilo v mal\u00fd z\u00e1zrak, n\u00e1bytek z mas\u00edvu.                                                                                                                                                                                                                                                                                                                                                                                        4.2\/5 - (8 votes)        "},{"@context":"https:\/\/schema.org\/","@type":"BreadcrumbList","itemListElement":[{"@type":"ListItem","position":1,"name":"A co barvy?","item":"https:\/\/www.autotara.cz\/a-co-barvy\/#breadcrumbitem"}]}]