[{"@context":"https:\/\/schema.org\/","@type":"Article","@id":"https:\/\/www.autotara.cz\/bydlet-ve-vlastnim\/#Article","mainEntityOfPage":"https:\/\/www.autotara.cz\/bydlet-ve-vlastnim\/","headline":"Bydlet ve vlastn\u00edm","name":"Bydlet ve vlastn\u00edm","description":"Dnes je naprosto b\u011b\u017en\u00e9, \u017ee mlad\u00e9 p\u00e1ry nemaj\u00ed finance na to, aby si dop\u0159\u00e1ly v\u00edce, ne\u017e jen mal\u00fd byt. Sami dop\u0159edu v\u00ed, \u017ee i pokud budou dlouhodob\u011b st\u0159\u00e1dat, nebudou si&hellip; ","datePublished":"2023-07-17","dateModified":"2024-05-20","author":{"@type":"Person","@id":"https:\/\/www.autotara.cz\/author\/#Person","name":"","url":"https:\/\/www.autotara.cz\/author\/","identifier":1,"image":{"@type":"ImageObject","@id":"https:\/\/secure.gravatar.com\/avatar\/2b882a21216b34ba28e79730eea9356b725e9a0bf9885ae3bedd792ae606fb10?s=96&d=mm&r=g","url":"https:\/\/secure.gravatar.com\/avatar\/2b882a21216b34ba28e79730eea9356b725e9a0bf9885ae3bedd792ae606fb10?s=96&d=mm&r=g","height":96,"width":96}},"publisher":{"@type":"Organization","name":"autotara.cz","logo":{"@type":"ImageObject","@id":"\/logo.png","url":"\/logo.png","width":600,"height":60}},"image":{"@type":"ImageObject","@id":"https:\/\/www.autotara.cz\/wp-content\/uploads\/house-1836070_640_10_10_10_10_10_8.jpg","url":"https:\/\/www.autotara.cz\/wp-content\/uploads\/house-1836070_640_10_10_10_10_10_8.jpg","height":0,"width":0},"url":"https:\/\/www.autotara.cz\/bydlet-ve-vlastnim\/","about":["D\u016fm a byt"],"wordCount":432,"articleBody":"Dnes je naprosto b\u011b\u017en\u00e9, \u017ee mlad\u00e9 p\u00e1ry nemaj\u00ed finance na to, aby si dop\u0159\u00e1ly v\u00edce, ne\u017e jen mal\u00fd byt. Sami dop\u0159edu v\u00ed, \u017ee i pokud budou dlouhodob\u011b st\u0159\u00e1dat, nebudou si moci dovolit sv\u016fj vysn\u011bn\u00fd d\u016fm, jeliko\u017e pro n\u011bkter\u00e9 z\u00a0nich nen\u00ed s\u00a0jejich v\u00fdd\u011blky mo\u017en\u00e9 ani vz\u00edt si hypot\u00e9ku. Tento probl\u00e9m se zd\u00e1 b\u00fdt je\u0161t\u011b docela mal\u00fd v\u00a0dob\u011b, kdy tato rodina nem\u00e1 d\u011bti. V\u00a0moment\u011b, kdy p\u0159ivedou na sv\u011bt prvn\u00edho potomka, si za\u010dnou uv\u011bdomovat, \u017ee jejich prostor je pon\u011bkud st\u00edsn\u011bn\u00fd. A v\u00a0okam\u017eiku, kdy na sv\u011bt\u011b p\u0159iv\u00edtaj\u00ed druh\u00e9 d\u00edt\u011b, je pobyt v\u00a0takov\u00e9m mal\u00e9m byt\u011b, i p\u0159es ve\u0161ker\u00e9 uskrov\u0148ov\u00e1n\u00ed, naprosto nemo\u017en\u00fd. Je b\u011b\u017en\u00e9, \u017ee rodi\u010de cht\u011bj\u00ed sv\u00fdm potomk\u016fm dop\u0159\u00e1t co nejv\u00edce volnosti a mo\u017enosti pohybu, tak\u017ee se d\u016fm zd\u00e1 b\u00fdt tou nejlep\u0161\u00ed volbou. Pro n\u011bkter\u00e9 rodiny je naprosto nezbytn\u00e9, aby z\u016fstaly bydlet ve m\u011bst\u011b, t\u0159eba pr\u00e1v\u011b kv\u016fli pr\u00e1ci rodi\u010d\u016f nebo i z\u00a0jin\u00fdch d\u016fvod\u016f. Pro jin\u00e9 je zase naopak d\u016fle\u017eit\u00e9, aby sv\u00e9 d\u011bti p\u0159ibl\u00ed\u017eili k\u00a0p\u0159\u00edrod\u011b, kde je v\u00edce klidu a kde je mo\u017en\u00e9 p\u011bstovat si svou zeleninu a ovoce. Naj\u00edt vlastn\u00ed d\u016fm ve v\u011bt\u0161\u00edm m\u011bst\u011b je naprosto neprovediteln\u00e9. Domy zde nejsou mnohdy na prodej a jen pokud m\u00e1te obrovsk\u00e9 \u0161t\u011bst\u00ed, m\u016f\u017eete zd\u011bdit n\u011bco po sv\u00fdch p\u0159edc\u00edch. Je b\u011b\u017en\u00e9, \u017ee i pokud byste n\u011bco na prodej nalezli, museli byste zaplatit takovou \u010d\u00e1stku, kterou si ani ve snu nem\u016f\u017eete p\u0159edstavit. Naj\u00edt d\u016fm na vesnici nebo v\u00a0men\u0161\u00edm m\u011bst\u011b, je ji\u017e sch\u016fdn\u011bj\u0161\u00ed, ale st\u00e1le to nen\u00ed nic jednoduch\u00e9ho. A i za men\u0161\u00ed domek je cena tak vysok\u00e1, \u017ee pravd\u011bpodobn\u011b si budete muset nejd\u0159\u00edve n\u011bkolik let \u0161et\u0159it, ne\u017e tuto \u010d\u00e1stku budete m\u00edt k\u00a0dispozici. P\u0159esto je pot\u0159eba \u0159\u00edci, \u017ee se jedn\u00e1 o n\u011bco, co je pro mnoh\u00e9 rodiny d\u016fle\u017eit\u00e9 a pro co je smyslupln\u00e9 \u0161et\u0159it. Vlastn\u00ed prostor k\u00a0\u017eivotu pom\u00e1h\u00e1 \u010dlov\u011bku pro\u017e\u00edt sv\u016fj \u017eivot tak, jak by cht\u011bl, a to s\u00a0pocitem p\u0159\u00edjemn\u00e9ho bezpe\u010d\u00ed, \u017ee te\u010f jste se dostali dom\u016f, kde je Va\u0161e rodina a to nejd\u016fle\u017eit\u011bj\u0161\u00ed.                                                                                                                                                                                                                                                                                                                                                                                        4.1\/5 - (10 votes)        "},{"@context":"https:\/\/schema.org\/","@type":"BreadcrumbList","itemListElement":[{"@type":"ListItem","position":1,"name":"Bydlet ve vlastn\u00edm","item":"https:\/\/www.autotara.cz\/bydlet-ve-vlastnim\/#breadcrumbitem"}]}]