[{"@context":"https:\/\/schema.org\/","@type":"Article","@id":"https:\/\/www.autotara.cz\/druhe-patro\/#Article","mainEntityOfPage":"https:\/\/www.autotara.cz\/druhe-patro\/","headline":"Druh\u00e9 patro","name":"Druh\u00e9 patro","description":"Cel\u00fd \u017eivot jsem bydlela s rodi\u010di pod jednou st\u0159echou, a takov\u00fd c\u00edl jsem m\u011bla, jakmile jsem byla dosp\u011bl\u00e1. Vzhledem k tomu, \u017ee jsme \u017eili na vesnici a mn\u011b se tam&hellip; ","datePublished":"2024-11-10","dateModified":"2024-11-10","author":{"@type":"Person","@id":"https:\/\/www.autotara.cz\/author\/#Person","name":"","url":"https:\/\/www.autotara.cz\/author\/","identifier":1,"image":{"@type":"ImageObject","@id":"https:\/\/secure.gravatar.com\/avatar\/2b882a21216b34ba28e79730eea9356b725e9a0bf9885ae3bedd792ae606fb10?s=96&d=mm&r=g","url":"https:\/\/secure.gravatar.com\/avatar\/2b882a21216b34ba28e79730eea9356b725e9a0bf9885ae3bedd792ae606fb10?s=96&d=mm&r=g","height":96,"width":96}},"publisher":{"@type":"Organization","name":"autotara.cz","logo":{"@type":"ImageObject","@id":"\/logo.png","url":"\/logo.png","width":600,"height":60}},"image":{"@type":"ImageObject","@id":"https:\/\/www.autotara.cz\/wp-content\/uploads\/money-7881948_640_9.jpg","url":"https:\/\/www.autotara.cz\/wp-content\/uploads\/money-7881948_640_9.jpg","height":0,"width":0},"url":"https:\/\/www.autotara.cz\/druhe-patro\/","about":["Pen\u00edze"],"wordCount":551,"articleBody":"        Cel\u00fd \u017eivot jsem bydlela s rodi\u010di pod jednou st\u0159echou, a takov\u00fd c\u00edl jsem m\u011bla, jakmile jsem byla dosp\u011bl\u00e1. Vzhledem k tomu, \u017ee jsme \u017eili na vesnici a mn\u011b se tam od mali\u010dka hrozn\u011b l\u00edbilo, byla jsem r\u00e1da, \u017ee jsem takov\u00fd ten vesnick\u00fd typ. I p\u0159esto, \u017ee tam byly t\u0159eba u n\u00e1s hor\u0161\u00ed spoje, m\u011bla jsem auto, co\u017e m\u011b a\u017e tak netr\u00e1pilo, proto\u017ee bez auta by to v\u0161echno bylo hor\u0161\u00ed. Na druhou stranu jsem ale v\u011bd\u011bla, \u017ee bych cht\u011bla tro\u0161ku i svoje bydlen\u00ed a cht\u011bla jsem tro\u0161ku v\u011bt\u0161\u00ed smysl \u017eivota, ale cht\u011bla jsem z\u016fstat tam, odkud poch\u00e1z\u00edm, a cht\u011bla jsem bydlet po\u0159\u00e1d v tom stejn\u00e9m dom\u011b, jako jsem \u017eila.   Moje maminka mi \u0159\u00edkala, \u017ee v\u016fbec n\u011bkam odch\u00e1zet nemus\u00edm a \u017ee by bylo vhodn\u00e9 se domluvit, \u017ee bych u nich z\u016fstala bydlet. Svoj\u00ed mamince jsem \u0159ekla, \u017ee u n\u00ed z\u016fstanu rozhodn\u011b bydlet, ale cht\u011bla jsem takov\u00e9 to svoje bydlen\u00ed. Bydleli jsme v dome\u010dku, kter\u00fd m\u011bl jen jedno patro, a j\u00e1 jsem se rozhodla, \u017ee bychom dali d\u016fm do z\u00e1stavy a p\u0159istav\u011bla bych je\u0161t\u011b druh\u00e9 patro. Druh\u00e9 patro by bylo cel\u00e9 pro m\u011b, kdybych bydlela j\u00e1, co\u017e by mi hodn\u011b vyhovovalo. Moji rodi\u010de s t\u00edm hodn\u011b souhlasili a moje maminka byla \u00fapln\u011b r\u00e1da, \u017ee se mnou z\u016fstanu, \u017ee neodejdu n\u011bkam t\u0159eba do zahrani\u010d\u00ed bydlet, nebo \u017ee se neodst\u011bhuji n\u011bkde na druh\u00fd konec sv\u011bta. Tohle rodi\u010de prost\u011b r\u00e1di nemaj\u00ed, kdy\u017e v\u011bd\u00ed, \u017ee se jim jejich d\u00edt\u011b odst\u011bhuje, i kdy\u017e u\u017e jsem nebyla d\u00edt\u011b, ale na druhou stranu by to bylo asi slo\u017eit\u00e9 a t\u011b\u017ek\u00e9 pro mou rodinu. J\u00e1 jsem ale j\u00edt pry\u010d necht\u011bla. Cht\u011bla jsem \u017e\u00edt se svou rodinou.  Proto jsme se rozhodli d\u00e1t n\u00e1\u0161 dome\u010dek do z\u00e1stavy a p\u0159istavit je\u0161t\u011b druh\u00e9 patro. V\u0161echno se n\u00e1m splnilo a m\u016f\u017eu v\u00e1m \u0159\u00edct, \u017ee u\u017e kone\u010dn\u011b m\u00e1me kus za sebou, \u017ee jsem se dokonce nahoru i p\u0159est\u011bhovala, a to jen d\u00edky nebankovn\u00ed americk\u00e9 hypot\u00e9ce Hypoteka-bez-registru.Moji rodi\u010de p\u0159edt\u00edm spl\u00e1celi je\u0161t\u011b n\u011bjakou p\u016fj\u010dku, kterou m\u011bli v bance, a banka u\u017e n\u00e1m nep\u016fj\u010dila, tak\u017ee jsme museli d\u00e1t do z\u00e1stavy a vz\u00edt si nebankovn\u00ed hypot\u00e9ku, kter\u00e1 mi pomohla k tomu, abychom mohli p\u0159istavit druh\u00e9 patro na na\u0161em dome\u010dku, a od t\u00e9 doby u\u017e vlastn\u011b \u017eiji sama naho\u0159e. Jsem r\u00e1da za to, \u017ee mi moji rodi\u010de hodn\u011b pomohli a \u017ee m\u00e1m hlavn\u011b svoje bydlen\u00ed, proto\u017ee v\u00edte, jak jsou ty domy drah\u00e9, a pokud si chcete t\u0159eba postavit svoje bydlen\u00ed, tak rozhodn\u011b je v\u017edycky nejlep\u0161\u00ed, pokud nem\u00e1te na sv\u00e9m dom\u011b druh\u00e9 patro, tak je nejlep\u0161\u00ed si druh\u00e9 patro v\u017edy p\u0159istavit, jako jsem to ud\u011blala j\u00e1. Rozhodn\u011b t\u00edm u\u0161et\u0159\u00edte, proto\u017ee z\u00e1klad budete m\u00edt hotov\u00fd, a na druhou stranu budete m\u00edt svoje vlastn\u00ed bydlen\u00ed.                                                                                                                                                                                                                                                                                                                                                                                          4.5\/5 - (12 votes)        "},{"@context":"https:\/\/schema.org\/","@type":"BreadcrumbList","itemListElement":[{"@type":"ListItem","position":1,"name":"Druh\u00e9 patro","item":"https:\/\/www.autotara.cz\/druhe-patro\/#breadcrumbitem"}]}]