[{"@context":"https:\/\/schema.org\/","@type":"Article","@id":"https:\/\/www.autotara.cz\/krasne-oznameni\/#Article","mainEntityOfPage":"https:\/\/www.autotara.cz\/krasne-oznameni\/","headline":"Kr\u00e1sn\u00e9 ozn\u00e1men\u00ed","name":"Kr\u00e1sn\u00e9 ozn\u00e1men\u00ed","description":"Pl\u00e1nujete spole\u010dn\u00e9 uzav\u0159en\u00ed man\u017eelsk\u00e9ho s\u0148atku, hled\u00e1te mo\u017enosti, hled\u00e1te prostory, v\u00fdzdobu, \u0159e\u0161\u00edte oble\u010den\u00ed a v neposledn\u00ed \u0159ad\u011b tak\u00e9 nesm\u00edte zapomenout pozvat svoje hosty. V\u0161echno je t\u0159eba za\u0159izovat dostate\u010dn\u011b dop\u0159edu, i kdy\u017e&hellip; ","datePublished":"2023-08-20","dateModified":"2023-09-20","author":{"@type":"Person","@id":"https:\/\/www.autotara.cz\/author\/#Person","name":"","url":"https:\/\/www.autotara.cz\/author\/","identifier":1,"image":{"@type":"ImageObject","@id":"https:\/\/secure.gravatar.com\/avatar\/2b882a21216b34ba28e79730eea9356b725e9a0bf9885ae3bedd792ae606fb10?s=96&d=mm&r=g","url":"https:\/\/secure.gravatar.com\/avatar\/2b882a21216b34ba28e79730eea9356b725e9a0bf9885ae3bedd792ae606fb10?s=96&d=mm&r=g","height":96,"width":96}},"publisher":{"@type":"Organization","name":"autotara.cz","logo":{"@type":"ImageObject","@id":"\/logo.png","url":"\/logo.png","width":600,"height":60}},"image":{"@type":"ImageObject","@id":"https:\/\/www.autotara.cz\/wp-content\/uploads\/nevesta.jpg","url":"https:\/\/www.autotara.cz\/wp-content\/uploads\/nevesta.jpg","height":0,"width":0},"url":"https:\/\/www.autotara.cz\/krasne-oznameni\/","about":["Zbo\u017e\u00ed"],"wordCount":410,"articleBody":"   Pl\u00e1nujete spole\u010dn\u00e9 uzav\u0159en\u00ed man\u017eelsk\u00e9ho s\u0148atku, hled\u00e1te mo\u017enosti, hled\u00e1te prostory, v\u00fdzdobu, \u0159e\u0161\u00edte oble\u010den\u00ed a v neposledn\u00ed \u0159ad\u011b tak\u00e9 nesm\u00edte zapomenout pozvat svoje hosty. V\u0161echno je t\u0159eba za\u0159izovat dostate\u010dn\u011b dop\u0159edu, i kdy\u017e dnes jsou slu\u017eby v tomto ohledu velice rychl\u00e9, nicm\u00e9n\u011b nejd\u0159\u00edve mus\u00edte m\u00edt term\u00edn, proto\u017ee od toho se budou odv\u00edjet dal\u0161\u00ed n\u00e1le\u017eitosti. Tak\u00e9 je t\u0159eba dop\u0159edu v\u011bd\u011bt, v jak\u00e9m duchu se tento v\u00e1\u0161 velk\u00fd a v\u00fdznamn\u00fd den bude n\u00e9st. A na to za\u010dnete navazovat. Ka\u017edop\u00e1dn\u011b ve v\u0161ech ohledech se chcete co nejv\u00edce odli\u0161it od svateb, na kter\u00fdch jste byli a chcete si vytvo\u0159it vlastn\u00ed origin\u00e1l, den, kter\u00fd bude jenom v\u00e1\u0161 a kter\u00fd bude v\u00fdjime\u010dn\u00fd. M\u016f\u017eete nechat na jeden ze stol\u016f um\u00edstit tak\u00e9 knihu, do kter\u00e9 budou host\u00e9 ps\u00e1t svoje vzkazy a lepit nap\u0159\u00edklad fotografie, vytvo\u0159en\u00e9 b\u011bhem tohoto dne. N\u00e1pad\u016f je dnes spousta, sta\u010d\u00ed jen po nich s\u00e1hnout nebo si sehnat koordin\u00e1tora. Ale poj\u010fme zase na za\u010d\u00e1tek. Sehnali jste tedy m\u00edsto, zarezervovali datum na matrice a te\u010f u\u017e v\u00edte ty podstatn\u00e9 informace. Nechte si je tedy zan\u00e9st na svatebn\u00ed ozn\u00e1men\u00ed rustik\u00e1ln\u00ed, kter\u00e9 je dnes velice obl\u00edben\u00e9 a neot\u0159el\u00e9. Jedn\u00e1 se toti\u017e o pozv\u00e1nku, kter\u00e1 je vygrav\u00edrovan\u00e1 do tenk\u00e9ho d\u0159eva. Kr\u00e1sn\u00e1 pam\u00e1tka nejenom pro v\u00e1s, ale i pro va\u0161e hosty, kter\u00e9 se chyst\u00e1te pozvat. Nic p\u0159ehnan\u011b barevn\u00e9ho, prost\u011b jednoduch\u00e1 a p\u0159\u00edrodn\u00ed kr\u00e1sa, kter\u00e1 v\u00e1s vystihuje. Poj\u010fte do toho a nechte si do n\u011bj vy\u0159ezat motiv, kter\u00fd se v\u00e1m l\u00edb\u00ed. Nav\u00edc v\u00e1m Laris Design m\u016f\u017ee na uk\u00e1zku poslat jeden vzorek a vy se podle toho m\u016f\u017eete rozhodnout. M\u016f\u017eete vyu\u017e\u00edt jejich nab\u00eddku jejich design\u016f nebo si vytvo\u0159it sv\u016fj vlastn\u00ed a jedine\u010dn\u00fd. A va\u0161e p\u0159\u00edpravy mohou za\u010d\u00edt v pln\u00e9m proudu, tak honem, objednat kapelu, ob\u010derstven\u00ed, a pak u\u017e jenom na kalend\u00e1\u0159i od\u0161krt\u00e1vat dny do toho velk\u00e9ho, kter\u00fd na v\u00e1s \u010dek\u00e1! M\u016f\u017eete si od nich rovnou nechat vyhotovit i jmenovky na stoly ve stejn\u00e9m stylu, aby v\u0161echno ladilo.                                                                                                                                                                                                                                                                                                                                                                                           4.3\/5 - (7 votes)        "},{"@context":"https:\/\/schema.org\/","@type":"BreadcrumbList","itemListElement":[{"@type":"ListItem","position":1,"name":"Kr\u00e1sn\u00e9 ozn\u00e1men\u00ed","item":"https:\/\/www.autotara.cz\/krasne-oznameni\/#breadcrumbitem"}]}]