[{"@context":"https:\/\/schema.org\/","@type":"Article","@id":"https:\/\/www.autotara.cz\/pojdte-si-s-nami-splnit-se-o-vestavene-skrini\/#Article","mainEntityOfPage":"https:\/\/www.autotara.cz\/pojdte-si-s-nami-splnit-se-o-vestavene-skrini\/","headline":"Poj\u010fte si s n\u00e1mi splnit se o vestav\u011bn\u00e9 sk\u0159\u00edni.","name":"Poj\u010fte si s n\u00e1mi splnit se o vestav\u011bn\u00e9 sk\u0159\u00edni.","description":"M\u00e1te doma drahou polovi\u010dku, kter\u00e9 se u\u017e nevejde nic do sk\u0159\u00edn\u00ed? Pot\u0159ebujete nav\u00edc prostor a eleganci, aby to v\u0161e bylo modern\u00ed a slad\u011bn\u00e9? Zav\u00edtejte pr\u00e1v\u011b k n\u00e1m! Kdo m\u00e1 doma&hellip; ","datePublished":"2023-12-18","dateModified":"2024-01-18","author":{"@type":"Person","@id":"https:\/\/www.autotara.cz\/author\/#Person","name":"","url":"https:\/\/www.autotara.cz\/author\/","identifier":1,"image":{"@type":"ImageObject","@id":"https:\/\/secure.gravatar.com\/avatar\/2b882a21216b34ba28e79730eea9356b725e9a0bf9885ae3bedd792ae606fb10?s=96&d=mm&r=g","url":"https:\/\/secure.gravatar.com\/avatar\/2b882a21216b34ba28e79730eea9356b725e9a0bf9885ae3bedd792ae606fb10?s=96&d=mm&r=g","height":96,"width":96}},"publisher":{"@type":"Organization","name":"autotara.cz","logo":{"@type":"ImageObject","@id":"\/logo.png","url":"\/logo.png","width":600,"height":60}},"image":{"@type":"ImageObject","@id":"https:\/\/www.autotara.cz\/wp-content\/uploads\/wardrobe-5961193_640_10_7.jpg","url":"https:\/\/www.autotara.cz\/wp-content\/uploads\/wardrobe-5961193_640_10_7.jpg","height":0,"width":0},"url":"https:\/\/www.autotara.cz\/pojdte-si-s-nami-splnit-se-o-vestavene-skrini\/","about":["Zbo\u017e\u00ed"],"wordCount":496,"articleBody":"   M\u00e1te doma drahou polovi\u010dku, kter\u00e9 se u\u017e nevejde nic do sk\u0159\u00edn\u00ed? Pot\u0159ebujete nav\u00edc prostor a eleganci, aby to v\u0161e bylo modern\u00ed a slad\u011bn\u00e9? Zav\u00edtejte pr\u00e1v\u011b k n\u00e1m! Kdo m\u00e1 doma \u017eenu, tak moc dob\u0159e v\u00ed, \u017ee jedna sk\u0159\u00ed\u0148 na oble\u010den\u00ed prost\u011b nesta\u010d\u00ed. Neust\u00e1le si nem\u00e1 co obl\u00e9ci na sebe, a p\u0159esto\u017ee ji neust\u00e1le chv\u00e1l\u00edte, \u017ee vypad\u00e1 dob\u0159e a v\u0161e ji naprosto slu\u0161\u00ed jako tomu bylo p\u0159ed n\u011bkolika lety, st\u00e1le se sebou nen\u00ed spokojen\u00e1. Nakupuje dal\u0161\u00ed a dal\u0161\u00ed oble\u010den\u00ed. Jenom\u017ee m\u00edt doma n\u011bkolik klasick\u00fdch sk\u0159\u00edn\u00ed? M\u016f\u017ee se tak\u00e9 st\u00e1t, \u017ee prodejce dan\u00fd v\u00fdrobek p\u0159estane po n\u011bjak\u00e9 dob\u011b vyr\u00e1b\u011bt a vy si tak budete muset m\u00edsto klasick\u00e9 b\u00edl\u00e9 sk\u0159\u00edn\u011b, proto\u017ee chcete, aby v\u00e1m doma v\u0161e ladilo, najednou koupit v jin\u00e9 barv\u011b nebo snad z jin\u00e9ho materi\u00e1lu. U\u017e to je do o\u010d\u00ed bij\u00edc\u00ed a nav\u00edc je\u0161t\u011b, aby to m\u011blo podobn\u00e9 rozm\u011bry jako v\u00e1\u0161 dosavadn\u00ed n\u00e1bytek. Jenom\u017ee co najednou d\u011blat, pokud u\u017e si zouf\u00e1te a marn\u011b si l\u00e1mete hlavu, kde byste mohli naj\u00edt tu spr\u00e1vnou odpov\u011b\u010f? Pr\u00e1v\u011b u n\u00e1s! Proto jednodu\u0161e a rychle ho\u010fte v\u0161echny va\u0161e starosti za hlavu a zam\u011b\u0159te se na to, co skute\u010dn\u011b chcete. Na\u0161e vestav\u011bn\u00e9 sk\u0159\u00edn\u011b Praha jsou ide\u00e1ln\u00ed volbou i pro n\u00e1ro\u010dn\u00e9 z\u00e1kazn\u00edky a z\u00e1kaznice, kte\u0159\u00ed se jen tak s n\u011b\u010d\u00edm nespokoj\u00ed. Vestav\u011bn\u00e9 sk\u0159\u00edn\u011b v\u00e1m mohou pomoci s t\u00edm, \u017ee si slad\u00edte design ve va\u0161\u00ed dom\u00e1cnosti, ale tak\u00e9 s velmi dobr\u00fdm \u00falo\u017en\u00fdm prostorem. Tam kde se neve\u0161ly klasick\u00e9 sk\u0159\u00edn\u011b, proto\u017ee jsou tam r\u016fzn\u011b v\u00fdklenky nebo ze\u010f nen\u00ed zcela rovn\u00e1 a vy ji\u017e dlouho sna\u017e\u00edte s t\u00edm n\u011bco skute\u010dn\u011b ud\u011blat, pak jsou pro v\u00e1s tou pravou volbou. Kr\u00e1sn\u011b vypadaj\u00edc\u00ed, a nav\u00edc je\u0161t\u011b k tomu skv\u011ble zapadnou do dan\u00e9 m\u00edstnosti. Pro\u010d si, ale po\u0159\u00eddit jen jednu? M\u016f\u017eete m\u00edt hned n\u011bkolik a za velmi dobrou cenu. Sta\u010d\u00ed se s n\u00e1mi domluvit jakou m\u00e1te v tomto ohledu p\u0159edstavu a zbytek tak nechat ji\u017e na n\u00e1s. Nebo m\u00e1te n\u011bkoho, komu byste r\u00e1di s takovou situac\u00ed pomohli? Pokud ano, tak ho odka\u017ete k n\u00e1m a zajist\u00e9 v\u00e1m, pot\u00e9 bude velice dan\u00e1 osoba vd\u011b\u010dn\u00e1. Nemus\u00edte se nav\u00edc b\u00e1t toho, \u017ee byste kupovali zaj\u00edce v pytli, proto\u017ee na\u0161i z\u00e1kazn\u00edci jsou s n\u00e1mi nadm\u00edru spokojeni, proto dlouho nev\u00e1hejte. T\u011b\u0161\u00edme se ji\u017e dnes na va\u0161e objedn\u00e1vky, kter\u00e9 rozhodn\u011b budou st\u00e1t za to.                                                                                                                                                                                                                                                                                                                                                                                           4.4\/5 - (7 votes)        "},{"@context":"https:\/\/schema.org\/","@type":"BreadcrumbList","itemListElement":[{"@type":"ListItem","position":1,"name":"Poj\u010fte si s n\u00e1mi splnit se o vestav\u011bn\u00e9 sk\u0159\u00edni.","item":"https:\/\/www.autotara.cz\/pojdte-si-s-nami-splnit-se-o-vestavene-skrini\/#breadcrumbitem"}]}]