[{"@context":"https:\/\/schema.org\/","@type":"Article","@id":"https:\/\/www.autotara.cz\/proc-je-pro-nas-kultura-dulezita\/#Article","mainEntityOfPage":"https:\/\/www.autotara.cz\/proc-je-pro-nas-kultura-dulezita\/","headline":"Pro\u010d je pro n\u00e1s kultura d\u016fle\u017eit\u00e1","name":"Pro\u010d je pro n\u00e1s kultura d\u016fle\u017eit\u00e1","description":"O tom, \u017ee ka\u017ed\u00e1 zem\u011b m\u00e1 svou vlastn\u00ed unik\u00e1tn\u00ed kulturu, zvyky a tradice nen\u00ed sporu. Av\u0161ak a\u0165 u\u017e jsme odkudkoliv, je jasn\u00e9, \u017ee si pr\u00e1v\u011b kultury na sv\u00e9 zemi cen\u00edme&hellip; ","datePublished":"2023-07-17","dateModified":"2024-05-20","author":{"@type":"Person","@id":"https:\/\/www.autotara.cz\/author\/#Person","name":"","url":"https:\/\/www.autotara.cz\/author\/","identifier":1,"image":{"@type":"ImageObject","@id":"https:\/\/secure.gravatar.com\/avatar\/2b882a21216b34ba28e79730eea9356b725e9a0bf9885ae3bedd792ae606fb10?s=96&d=mm&r=g","url":"https:\/\/secure.gravatar.com\/avatar\/2b882a21216b34ba28e79730eea9356b725e9a0bf9885ae3bedd792ae606fb10?s=96&d=mm&r=g","height":96,"width":96}},"publisher":{"@type":"Organization","name":"autotara.cz","logo":{"@type":"ImageObject","@id":"\/logo.png","url":"\/logo.png","width":600,"height":60}},"image":{"@type":"ImageObject","@id":"https:\/\/www.autotara.cz\/wp-content\/uploads\/tradice4_5.jpg","url":"https:\/\/www.autotara.cz\/wp-content\/uploads\/tradice4_5.jpg","height":0,"width":0},"url":"https:\/\/www.autotara.cz\/proc-je-pro-nas-kultura-dulezita\/","about":["Kultura"],"wordCount":420,"articleBody":"O tom, \u017ee ka\u017ed\u00e1 zem\u011b m\u00e1 svou vlastn\u00ed unik\u00e1tn\u00ed kulturu, zvyky a tradice nen\u00ed sporu. Av\u0161ak a\u0165 u\u017e jsme odkudkoliv, je jasn\u00e9, \u017ee si pr\u00e1v\u011b kultury na sv\u00e9 zemi cen\u00edme ze v\u0161eho nejv\u00edce. I kdy\u017e se p\u0159est\u011bhujeme do zahrani\u010d\u00ed, \u010dasto si bereme mnoh\u00e9 jej\u00ed aspekty sebou, a to bez ohledu na to, jak divn\u00e9 se mohou ostatn\u00edm lidem zd\u00e1t. My ji v\u0161ak budeme i p\u0159esto br\u00e1nit a naopak se mnohdy d\u00edvat s\u00a0despektem na jin\u00e9 kultury.\u00a0\u00a0Tento jev je pro lidi typick\u00fd, av\u0161ak jeho p\u0159\u00ed\u010dina nen\u00ed tak jednoduch\u00e1, jak by se mohlo zd\u00e1t. Nen\u00ed to tak, \u017ee bychom se ji\u017e narodili s\u00a0v\u017eit\u00fdmi zvyky a tradicemi na\u0161\u00ed kultury a s\u00a0respektem a l\u00e1skou k\u00a0n\u00ed. Ve skute\u010dnosti se jedn\u00e1 o n\u011bco, co je zcela nau\u010den\u00e9. Ve skute\u010dnosti toti\u017e za t\u00edmto chov\u00e1n\u00edm nestoj\u00ed pouze rodi\u010de, ale v\u00a0podstat\u011b cel\u00e9 na\u0161e okol\u00ed.\u00a0Kdy\u017e vid\u00edme v\u0161ude okolo n\u00e1s, jak se lid\u00e9 chovaj\u00ed, jak\u00e9 sv\u00e1tky slav\u00ed, pak je jasn\u00e9, \u017ee n\u00e1m to p\u0159ijde norm\u00e1ln\u00ed. Zvl\u00e1\u0161t\u011b pokud jsme tomu vystaveni ji\u017e od narozen\u00ed a m\u00e1me to spojeno s\u00a0pozitivn\u00edmi vzpom\u00ednkami. Nap\u0159\u00edklad zdoben\u00ed v\u00e1no\u010dn\u00edho stromku by se nezasv\u011bcen\u00e9mu \u010dlov\u011bku mohlo zd\u00e1t hloup\u00e9, av\u0161ak u n\u00e1s m\u00e1me tuto tradici spojenou s\u00a0rodinn\u00fdmi oslavami, d\u00e1v\u00e1n\u00edm d\u00e1rk\u016f a celkov\u011b s\u00a0atmosf\u00e9rou V\u00e1noc. Nen\u00ed tedy divu, \u017ee se na to v\u017edy tak t\u011b\u0161\u00edme.\u00a0\u00a0Jist\u011b, mnoho zvyk\u016f se m\u016f\u017ee zd\u00e1t hloup\u00e9, kdy\u017e se na n\u011b pod\u00edv\u00e1me s\u00a0odstupem a s\u00a0nez\u00e1visl\u00fdm pohledem. Pro n\u00e1s v\u0161ak maj\u00ed skute\u010dn\u011b velk\u00fd v\u00fdznam, nebo\u0165 jsou sou\u010d\u00e1st\u00ed toho, co n\u00e1s spojuje nejen s\u00a0rodinou, ale i celkov\u011b s\u00a0komunitou. Jsou t\u00edm, co m\u016f\u017eeme sd\u00edlet s\u00a0ostatn\u00edmi a \u010deho m\u016f\u017ee b\u00fdt sou\u010d\u00e1st\u00ed bez ohledu na to, kde jsme se narodili.\u00a0D\u016fle\u017eit\u00e9 je si v\u0161ak uv\u011bdomit, \u017ee \u017e\u00e1dn\u00fd zvyk nen\u00ed lep\u0161\u00ed, ne\u017e ten druh\u00fd. V\u0161echny jsou stejn\u011b d\u016fle\u017eit\u00e9, bez ohledu na to, odkud jsou. Nen\u00ed tedy na m\u00edst\u011b, abychom odsuzovali nap\u0159\u00edklad Haloween nebo se divili, \u017ee nech\u00e1pou na\u0161e Velikonoce. To, \u017ee jsme vyrostli v\u00a0jin\u00e9 kultu\u0159e je\u0161t\u011b neznamen\u00e1, \u017ee jsme natolik odli\u0161n\u00ed.                                                                                                                                                                                                                                                                                                                                                                                        4.8\/5 - (6 votes)        "},{"@context":"https:\/\/schema.org\/","@type":"BreadcrumbList","itemListElement":[{"@type":"ListItem","position":1,"name":"Pro\u010d je pro n\u00e1s kultura d\u016fle\u017eit\u00e1","item":"https:\/\/www.autotara.cz\/proc-je-pro-nas-kultura-dulezita\/#breadcrumbitem"}]}]