[{"@context":"https:\/\/schema.org\/","@type":"Article","@id":"https:\/\/www.autotara.cz\/sedak-do-invalidniho-voziku-aneb-neni-sedak-jako-sedak\/#Article","mainEntityOfPage":"https:\/\/www.autotara.cz\/sedak-do-invalidniho-voziku-aneb-neni-sedak-jako-sedak\/","headline":"Sed\u00e1k do invalidn\u00edho voz\u00edku aneb nen\u00ed sed\u00e1k, jako sed\u00e1k","name":"Sed\u00e1k do invalidn\u00edho voz\u00edku aneb nen\u00ed sed\u00e1k, jako sed\u00e1k","description":"Voz\u00ed\u010dk\u00e1\u0159i v n\u011bkter\u00fdch lidech bud\u00ed respekt, v jin\u00fdch ostych, n\u011bkdo na n\u011b reaguje podr\u00e1\u017ed\u011bn\u011b a nesn\u00e1\u0161enliv\u011b. Reakce ve\u0159ejnosti jsou na tyto osoby velmi odli\u0161n\u00e9, ov\u0161em ka\u017ed\u00fd z v\u00e1s by si&hellip; ","datePublished":"2023-08-22","dateModified":"2023-09-26","author":{"@type":"Person","@id":"https:\/\/www.autotara.cz\/author\/#Person","name":"","url":"https:\/\/www.autotara.cz\/author\/","identifier":1,"image":{"@type":"ImageObject","@id":"https:\/\/secure.gravatar.com\/avatar\/2b882a21216b34ba28e79730eea9356b725e9a0bf9885ae3bedd792ae606fb10?s=96&d=mm&r=g","url":"https:\/\/secure.gravatar.com\/avatar\/2b882a21216b34ba28e79730eea9356b725e9a0bf9885ae3bedd792ae606fb10?s=96&d=mm&r=g","height":96,"width":96}},"publisher":{"@type":"Organization","name":"autotara.cz","logo":{"@type":"ImageObject","@id":"\/logo.png","url":"\/logo.png","width":600,"height":60}},"image":{"@type":"ImageObject","@id":"https:\/\/www.autotara.cz\/wp-content\/uploads\/wheelchair-1230101_640.jpg","url":"https:\/\/www.autotara.cz\/wp-content\/uploads\/wheelchair-1230101_640.jpg","height":0,"width":0},"url":"https:\/\/www.autotara.cz\/sedak-do-invalidniho-voziku-aneb-neni-sedak-jako-sedak\/","about":["Zbo\u017e\u00ed"],"wordCount":406,"articleBody":"   Voz\u00ed\u010dk\u00e1\u0159i v n\u011bkter\u00fdch lidech bud\u00ed respekt, v jin\u00fdch ostych, n\u011bkdo na n\u011b reaguje podr\u00e1\u017ed\u011bn\u011b a nesn\u00e1\u0161enliv\u011b. Reakce ve\u0159ejnosti jsou na tyto osoby velmi odli\u0161n\u00e9, ov\u0161em ka\u017ed\u00fd z v\u00e1s by si m\u011bl uv\u011bdomit, \u017ee n\u011bkdy sta\u010d\u00ed opravdu m\u00e1lo, a na voz\u00edku jste r\u00e1zem i vy. Kup\u0159\u00edkladu v\u00e1m podjede noha na kluzk\u00e9m schodu a va\u0161e p\u00e1te\u0159 si s prudk\u00fdm p\u00e1dem neporad\u00ed. Anebo si vybavte herce Honzu Potm\u011b\u0161ila, v poh\u00e1dce \u201eO princezn\u011b Jasn\u011bnce a l\u00e9taj\u00edc\u00edm \u0161evci\u201c vystupuje jako mlad\u00fd, pohledn\u00fd, fyzicky zdatn\u00fd chlap\u00edk, a sta\u010dila jedin\u00e1 autonehoda o dva roky pozd\u011bji, a jeho \u017eivot se oto\u010dil o sto osmdes\u00e1t stup\u0148\u016f.\u017divot voz\u00ed\u010dk\u00e1\u0159e, to nen\u00ed jen viditeln\u00fd posun sem a tam na kole\u010dkov\u00e9m k\u0159esle, je to tak\u00e9 velmi obt\u00ed\u017en\u011b prov\u00e1d\u011bn\u00e1 hygiena a ka\u017edodenn\u00ed b\u011b\u017en\u00e9 \u00fakony v\u010detn\u011b toalety a p\u0159\u00edpravy pokrm\u016f. Kdy\u017e pak na voz\u00edku prosed\u00edte spoustu hodin, zpo\u010d\u00e1tku v\u00e1s ani nenapadne, \u017ee by s pouh\u00fdm sezen\u00edm mohly nastat i velmi nep\u0159\u00edjemn\u00e9 zdravotn\u00ed komplikace.Ach ty probl\u00e9my s dekubityZdrav\u00ed lid\u00e9, kte\u0159\u00ed na invalidn\u00edm voz\u00edku nikdy nesed\u011bli del\u0161\u00ed \u010das a nem\u011bli tak mo\u017enost vyzkou\u0161et v\u0161echna \u00faskal\u00ed tohoto \u017eivotn\u00edho projevu, st\u011b\u017e\u00ed dovedou posoudit, k jak\u00fdm probl\u00e9m\u016fm tu m\u016f\u017ee doch\u00e1zet. V prvn\u00ed \u0159ad\u011b se jedn\u00e1 o prole\u017eeniny (prosezeniny) neboli dekubity. Pro zdrav\u00e9ho jedince nep\u0159edstavuj\u00ed dekubity \u017e\u00e1dnou pat\u00e1lii, proto\u017ee prost\u011b jakmile vn\u00edm\u00e1te, \u017ee je \u010d\u00e1st t\u011bla ji\u017e nadm\u011brn\u011b zat\u00ed\u017eena dlouh\u00fdm sezen\u00edm, jednodu\u0161e si odsednete, narovn\u00e1te, projdete se, a h\u00fd\u017ed\u011b pat\u0159i\u010dn\u011b prokrv\u00edte pohybem.Voz\u00ed\u010dk\u00e1\u0159i si toto dovolit nemohou, a proto mus\u00ed spol\u00e9hat na sed\u00e1k do voz\u00edku Libella design, co jim od dekubit\u016f ulev\u00ed. Nen\u00ed ale sed\u00e1k jako sed\u00e1k, existuj\u00ed speci\u00e1ln\u00ed v\u00fdrobky, kter\u00e9 pomoc\u00ed technologie po\u010d\u00edta\u010dov\u00e9ho 3D tisku umo\u017en\u00ed \u201evytisknout\u201c jednotliv\u00e9 d\u00edly sed\u00e1ku, je\u017e se pak poskl\u00e1daj\u00ed jako stavebnice dle monitoringu zat\u00ed\u017een\u00ed lidsk\u00e9 p\u00e1nve. T\u00edm se p\u0159esn\u011b podle pot\u0159eby zajist\u00ed rovnom\u011brn\u00e1 z\u00e1t\u011b\u017e na sedac\u00ed \u010d\u00e1st t\u011bla a riziko dekubit\u016f se minimalizuje.                                                                                                                                                                                                                                                                                                                                                                                          3.4\/5 - (9 votes)        "},{"@context":"https:\/\/schema.org\/","@type":"BreadcrumbList","itemListElement":[{"@type":"ListItem","position":1,"name":"Sed\u00e1k do invalidn\u00edho voz\u00edku aneb nen\u00ed sed\u00e1k, jako sed\u00e1k","item":"https:\/\/www.autotara.cz\/sedak-do-invalidniho-voziku-aneb-neni-sedak-jako-sedak\/#breadcrumbitem"}]}]